{"content":"<div class=\"row inline-row\">\r\n                <div class=\"col-md-6 inline-col feed-item\">\r\n            <div class=\"clearfix\">\r\n        <div class=\"col-xs-12 img  \">\r\n            <a  href=\"https:\/\/veszpremikamara.positive.hu\/hirek\/megjelent-a-szakkepzesi-torveny-vegrehajtasi-rendeletet-erinto-valtozas\">\r\n                <img class=\"img-responsive img-center\" src=\"\/images\/no-feed-item.jpg\" alt=\"Megjelent a szakk\u00e9pz\u00e9si t\u00f6rv\u00e9ny v\u00e9grehajt\u00e1si rendelet\u00e9t \u00e9rint\u0151 v\u00e1ltoz\u00e1s\">\r\n            <\/a>\r\n        <\/div>\r\n        <div class=\"col-xs-7 info\">\r\n            <div class=\"title\"><a  href=\"https:\/\/veszpremikamara.positive.hu\/hirek\/megjelent-a-szakkepzesi-torveny-vegrehajtasi-rendeletet-erinto-valtozas\">Megjelent a szakk\u00e9pz\u00e9si t\u00f6rv\u00e9ny v\u00e9grehajt\u00e1si rendelet\u00e9t \u00e9rint\u0151 v\u00e1ltoz\u00e1s<\/a><\/div>\r\n                            <ul class=\"categories\">\r\n                                            <li><a style=\"background: rgba(151,75,138,0.95); color: #ffffff\" href=\"https:\/\/veszpremikamara.positive.hu\/hirek\/szakkepzes\">Szakk\u00e9pz\u00e9s<\/a><\/li>\r\n                                        <li><span class=\"public-at\">2024. j\u00fanius 24.<\/span><\/li>\r\n                <\/ul>\r\n                        <div class=\"desc\"><p style=\"text-align:justify\">A szakk\u00e9pz\u00e9sr\u0151l sz\u00f3l\u00f3 t\u00f6rv\u00e9nynek a szakk\u00e9pz\u00e9s vizsg\u00e1ztat\u00e1si rendszer\u00e9t \u00e9rint\u0151 v\u00e1ltoz\u00e1saival \u00f6sszef\u00fcgg\u00e9sben sz\u00fcks\u00e9gess\u00e9 v\u00e1lt a kapcsol\u00f3d\u00f3 r\u00e9szletszab\u00e1lyok megalkot\u00e1sa, illetve a megl\u00e9v\u0151 szab\u00e1lyoz\u00e1si elemek v\u00e1ltoz\u00e1sokhoz igaz\u00edt\u00e1sa.<\/p><\/div>\r\n        <\/div>\r\n    <\/div>\r\n        <\/div>\r\n            <div class=\"col-md-6 inline-col feed-item\">\r\n            <div class=\"clearfix\">\r\n        <div class=\"col-xs-12 img  \">\r\n            <a  href=\"https:\/\/veszpremikamara.positive.hu\/hirek\/erasmus-palyazatot-nyert-a-kamara\">\r\n                <img class=\"img-responsive img-center\" src=\"\/images\/no-feed-item.jpg\" alt=\"Erasmus+ p\u00e1ly\u00e1zatot nyert a kamara\">\r\n            <\/a>\r\n        <\/div>\r\n        <div class=\"col-xs-7 info\">\r\n            <div class=\"title\"><a  href=\"https:\/\/veszpremikamara.positive.hu\/hirek\/erasmus-palyazatot-nyert-a-kamara\">Erasmus+ p\u00e1ly\u00e1zatot nyert a kamara<\/a><\/div>\r\n                            <ul class=\"categories\">\r\n                                            <li><a style=\"background: #921a1d; color: #ffffff\" href=\"https:\/\/veszpremikamara.positive.hu\/hirek\/kamara\">Kamara<\/a><\/li>\r\n                                            <li><a style=\"background: rgba(232,136,43,0.95); color: #ffffff\" href=\"https:\/\/veszpremikamara.positive.hu\/hirek\/gazdasagfejlesztes\">Gazdas\u00e1gfejleszt\u00e9s<\/a><\/li>\r\n                                            <li><a style=\"background: rgba(151,75,138,0.95); color: #ffffff\" href=\"https:\/\/veszpremikamara.positive.hu\/hirek\/szakkepzes\">Szakk\u00e9pz\u00e9s<\/a><\/li>\r\n                                        <li><span class=\"public-at\">2024. j\u00fanius 20.<\/span><\/li>\r\n                <\/ul>\r\n                        <div class=\"desc\"><p style=\"text-align:justify\">A Veszpr\u00e9m V\u00e1rmegyei Kereskedelmi \u00e9s Iparkamara sikeresen p\u00e1ly\u00e1zott az Erasmus+ KA1 program keret\u00e9ben, \u00edgy lehet\u0151s\u00e9g ny\u00edlt a du\u00e1lis k\u00e9pz\u00e9sben k\u00f6zrem\u0171k\u00f6d\u0151 gyakorlati oktat\u00f3k, szak\u00e9rt\u0151k, v\u00e1llalkoz\u00e1sok k\u00fclf\u00f6ldi tapasztalatszerz\u00e9s\u00e9t - a k\u00fclf\u00f6ldi j\u00f3 gyakorlatok megismer\u00e9se \u00e1ltal - t\u00e1mogatni, \u00e9s \u00edgy versenyk\u00e9pess\u00e9g\u00fcket er\u0151s\u00edteni.<\/p>\r\n\r\n<ul>\r\n<\/ul><\/div>\r\n        <\/div>\r\n    <\/div>\r\n        <\/div>\r\n            <div class=\"col-md-6 inline-col feed-item\">\r\n            <div class=\"clearfix\">\r\n        <div class=\"col-xs-12 img  \">\r\n            <a  href=\"https:\/\/veszpremikamara.positive.hu\/hirek\/mi-tortenik-az-europai-valasztasok-utan\">\r\n                <img class=\"img-responsive img-center\" src=\"\/images\/no-feed-item.jpg\" alt=\"Mi t\u00f6rt\u00e9nik az Eur\u00f3pai V\u00e1laszt\u00e1sok ut\u00e1n?\">\r\n            <\/a>\r\n        <\/div>\r\n        <div class=\"col-xs-7 info\">\r\n            <div class=\"title\"><a  href=\"https:\/\/veszpremikamara.positive.hu\/hirek\/mi-tortenik-az-europai-valasztasok-utan\">Mi t\u00f6rt\u00e9nik az Eur\u00f3pai V\u00e1laszt\u00e1sok ut\u00e1n?<\/a><\/div>\r\n                            <ul class=\"categories\">\r\n                                            <li><a style=\"background: rgba(51,122,183,0.95); color: #ffffff\" href=\"https:\/\/veszpremikamara.positive.hu\/hirek\/europe-direct\">Europe Direct<\/a><\/li>\r\n                                        <li><span class=\"public-at\">2024. j\u00fanius 19.<\/span><\/li>\r\n                <\/ul>\r\n                        <div class=\"desc\"><p style=\"text-align:justify\">A 2024. j\u00fanius 6\u20139. k\u00f6z\u00f6tt tartott eur\u00f3pai v\u00e1laszt\u00e1sok \u00faj fejezetet nyitottak az EU t\u00f6rt\u00e9net\u00e9ben. Az \u00fajonnan megv\u00e1lasztott eur\u00f3pai parlamenti k\u00e9pvisel\u0151k sz\u00e1mos kulcsfontoss\u00e1g\u00fa d\u00f6nt\u00e9st hoznak arr\u00f3l, hogy kik \u00e1lljanak az uni\u00f3s int\u00e9zm\u00e9nyek \u00e9l\u00e9n, \u00e9s folytatj\u00e1k a Parlament munk\u00e1j\u00e1t a jogszab\u00e1lyok elfogad\u00e1s\u00e1ban.<\/p><\/div>\r\n        <\/div>\r\n    <\/div>\r\n        <\/div>\r\n            <div class=\"col-md-6 inline-col feed-item\">\r\n            <div class=\"clearfix\">\r\n        <div class=\"col-xs-12 img  \">\r\n            <a  href=\"https:\/\/veszpremikamara.positive.hu\/hirek\/diakkent-dolgozni-diakkent-adozni-2024\">\r\n                <img class=\"img-responsive img-center\" src=\"\/images\/no-feed-item.jpg\" alt=\"Di\u00e1kk\u00e9nt dolgozni, di\u00e1kk\u00e9nt ad\u00f3zni\">\r\n            <\/a>\r\n        <\/div>\r\n        <div class=\"col-xs-7 info\">\r\n            <div class=\"title\"><a  href=\"https:\/\/veszpremikamara.positive.hu\/hirek\/diakkent-dolgozni-diakkent-adozni-2024\">Di\u00e1kk\u00e9nt dolgozni, di\u00e1kk\u00e9nt ad\u00f3zni<\/a><\/div>\r\n                            <ul class=\"categories\">\r\n                                            <li><a style=\"background: rgba(44,40,48,0.59); color: #ffffff\" href=\"https:\/\/veszpremikamara.positive.hu\/hirek\/gazdasag\">Gazdas\u00e1g<\/a><\/li>\r\n                                        <li><span class=\"public-at\">2024. j\u00fanius 19.<\/span><\/li>\r\n                <\/ul>\r\n                        <div class=\"desc\"><p style=\"text-align:justify\">A ny\u00e1ri munk\u00e1t v\u00e1llal\u00f3 di\u00e1kok bejelent\u00e9s\u00e9re, ad\u00f3z\u00e1s\u00e1ra \u2013 a di\u00e1ksz\u00f6vetkezeten kereszt\u00fcl v\u00e1llalt munka kiv\u00e9tel\u00e9vel \u2013 ugyanolyan szab\u00e1lyok vonatkoznak, mint m\u00e1s munkav\u00e1llal\u00f3kra. S\u0151t, eset\u00fckben ig\u00e9nybe vehet\u0151 a 25 \u00e9v alattiak kedvezm\u00e9nye is.<\/p><\/div>\r\n        <\/div>\r\n    <\/div>\r\n        <\/div>\r\n            <div class=\"col-md-6 inline-col feed-item\">\r\n            <div class=\"clearfix\">\r\n        <div class=\"col-xs-12 img  \">\r\n            <a  href=\"https:\/\/veszpremikamara.positive.hu\/hirek\/adoszamos-maganszemelyek-tajekoztatas\">\r\n                <img class=\"img-responsive img-center\" src=\"\/images\/no-feed-item.jpg\" alt=\"Ad\u00f3sz\u00e1mos mag\u00e1nszem\u00e9lyek - t\u00e1j\u00e9koztat\u00e1s\">\r\n            <\/a>\r\n        <\/div>\r\n        <div class=\"col-xs-7 info\">\r\n            <div class=\"title\"><a  href=\"https:\/\/veszpremikamara.positive.hu\/hirek\/adoszamos-maganszemelyek-tajekoztatas\">Ad\u00f3sz\u00e1mos mag\u00e1nszem\u00e9lyek - t\u00e1j\u00e9koztat\u00e1s<\/a><\/div>\r\n                            <ul class=\"categories\">\r\n                                            <li><a style=\"background: rgba(232,136,43,0.95); color: #ffffff\" href=\"https:\/\/veszpremikamara.positive.hu\/hirek\/gazdasagfejlesztes\">Gazdas\u00e1gfejleszt\u00e9s<\/a><\/li>\r\n                                        <li><span class=\"public-at\">2024. j\u00fanius 18.<\/span><\/li>\r\n                <\/ul>\r\n                        <div class=\"desc\"><p style=\"text-align:justify\">A Veszpr\u00e9m V\u00e1rmegyei Kereskedelmi \u00e9s Iparkamara t\u00e1j\u00e9koztatja az ad\u00f3sz\u00e1mot kiv\u00e1ltani k\u00edv\u00e1n\u00f3 mag\u00e1nszem\u00e9lyeket a legfontosabb tudnival\u00f3kr\u00f3l.<\/p><\/div>\r\n        <\/div>\r\n    <\/div>\r\n        <\/div>\r\n            <div class=\"col-md-6 inline-col feed-item\">\r\n            <div class=\"clearfix\">\r\n        <div class=\"col-xs-12 img  \">\r\n            <a  href=\"https:\/\/veszpremikamara.positive.hu\/hirek\/megvalasztottuk-az-europai-parlament-kepviseloit\">\r\n                <img class=\"img-responsive img-center\" src=\"\/images\/no-feed-item.jpg\" alt=\"Megv\u00e1lasztottuk az Eur\u00f3pai Parlament k\u00e9pvisel\u0151it\">\r\n            <\/a>\r\n        <\/div>\r\n        <div class=\"col-xs-7 info\">\r\n            <div class=\"title\"><a  href=\"https:\/\/veszpremikamara.positive.hu\/hirek\/megvalasztottuk-az-europai-parlament-kepviseloit\">Megv\u00e1lasztottuk az Eur\u00f3pai Parlament k\u00e9pvisel\u0151it<\/a><\/div>\r\n                            <ul class=\"categories\">\r\n                                            <li><a style=\"background: rgba(51,122,183,0.95); color: #ffffff\" href=\"https:\/\/veszpremikamara.positive.hu\/hirek\/europe-direct\">Europe Direct<\/a><\/li>\r\n                                        <li><span class=\"public-at\">2024. j\u00fanius 12.<\/span><\/li>\r\n                <\/ul>\r\n                        <div class=\"desc\"><p style=\"text-align:justify\">J\u00fanius 6-9. k\u00f6z\u00f6tt zajlottak az Eur\u00f3pai V\u00e1laszt\u00e1sok. Az Eur\u00f3pai Parlament \u00fajonnan megv\u00e1lasztott k\u00e9pvisel\u0151i fontos szerepet j\u00e1tszanak majd az uni\u00f3s tiszts\u00e9gekkel kapcsolatos d\u00f6nt\u00e9sekben, \u00e9s folytatj\u00e1k az uni\u00f3s jogalkot\u00e1si munk\u00e1t, ami nagy&nbsp;hat\u00e1ssal van&nbsp;minden eur\u00f3pai \u00e9let\u00e9re.<\/p><\/div>\r\n        <\/div>\r\n    <\/div>\r\n        <\/div>\r\n            <div class=\"col-md-6 inline-col feed-item\">\r\n            <div class=\"clearfix\">\r\n        <div class=\"col-xs-12 img  \">\r\n            <a  href=\"https:\/\/veszpremikamara.positive.hu\/hirek\/z-generacios-munkavallalok-workshop-balatonkenesen\">\r\n                <img class=\"img-responsive img-center\" src=\"\/images\/no-feed-item.jpg\" alt=\"Z gener\u00e1ci\u00f3s munkav\u00e1llal\u00f3k workshop Balatonkenes\u00e9n\">\r\n            <\/a>\r\n        <\/div>\r\n        <div class=\"col-xs-7 info\">\r\n            <div class=\"title\"><a  href=\"https:\/\/veszpremikamara.positive.hu\/hirek\/z-generacios-munkavallalok-workshop-balatonkenesen\">Z gener\u00e1ci\u00f3s munkav\u00e1llal\u00f3k workshop Balatonkenes\u00e9n<\/a><\/div>\r\n                            <ul class=\"categories\">\r\n                                            <li><a style=\"background: #921a1d; color: #ffffff\" href=\"https:\/\/veszpremikamara.positive.hu\/hirek\/kamara\">Kamara<\/a><\/li>\r\n                                            <li><a style=\"background: rgba(232,136,43,0.95); color: #ffffff\" href=\"https:\/\/veszpremikamara.positive.hu\/hirek\/gazdasagfejlesztes\">Gazdas\u00e1gfejleszt\u00e9s<\/a><\/li>\r\n                                        <li><span class=\"public-at\">2024. j\u00fanius 12.<\/span><\/li>\r\n                <\/ul>\r\n                        <div class=\"desc\"><p style=\"text-align:justify\">A Veszpr\u00e9m V\u00e1rmegyei Kereskedelmi \u00e9s Iparkamara 2024. j\u00fanius 10-\u00e9n workshopot szervezett \u201eZ gener\u00e1ci\u00f3s munkav\u00e1llal\u00f3k\u201d c\u00edmmel a balatonkenesei Hotel Marina-Port****-ban.<\/p><\/div>\r\n        <\/div>\r\n    <\/div>\r\n        <\/div>\r\n            <div class=\"col-md-6 inline-col feed-item\">\r\n            <div class=\"clearfix\">\r\n        <div class=\"col-xs-12 img  \">\r\n            <a  href=\"https:\/\/veszpremikamara.positive.hu\/hirek\/kamarai-tanevzaro-unnepseg-2024\">\r\n                <img class=\"img-responsive img-center\" src=\"https:\/\/veszpremikamara.hu\/uploads\/feed_items\/small-kep1a-17176826315602.jpg\" alt=\"Kamarai tan\u00e9vz\u00e1r\u00f3 \u00fcnneps\u00e9g 2024\">\r\n            <\/a>\r\n        <\/div>\r\n        <div class=\"col-xs-7 info\">\r\n            <div class=\"title\"><a  href=\"https:\/\/veszpremikamara.positive.hu\/hirek\/kamarai-tanevzaro-unnepseg-2024\">Kamarai tan\u00e9vz\u00e1r\u00f3 \u00fcnneps\u00e9g 2024<\/a><\/div>\r\n                            <ul class=\"categories\">\r\n                                            <li><a style=\"background: #921a1d; color: #ffffff\" href=\"https:\/\/veszpremikamara.positive.hu\/hirek\/kamara\">Kamara<\/a><\/li>\r\n                                            <li><a style=\"background: rgba(151,75,138,0.95); color: #ffffff\" href=\"https:\/\/veszpremikamara.positive.hu\/hirek\/szakkepzes\">Szakk\u00e9pz\u00e9s<\/a><\/li>\r\n                                        <li><span class=\"public-at\">2024. j\u00fanius 06.<\/span><\/li>\r\n                <\/ul>\r\n                        <div class=\"desc\"><p style=\"text-align:justify\">A Veszpr\u00e9m V\u00e1rmegyei Kereskedelmi \u00e9s Iparkamara j\u00fanius 6-\u00e1n tartotta hagyom\u00e1nyos tan\u00e9vz\u00e1r\u00f3 \u00fcnneps\u00e9g\u00e9t, amelyen a szakk\u00e9pz\u00e9s helyzet\u00e9nek \u00e1ttekint\u00e9se mellett sor ker\u00fclt a kiv\u00e1l\u00f3 tanul\u00f3k, oktat\u00f3k, felk\u00e9sz\u00edt\u0151 tan\u00e1rok,&nbsp;du\u00e1lis k\u00e9pz\u0151helyek \u00e9s p\u00e1lyaorient\u00e1ci\u00f3s feladatokat seg\u00edt\u0151 pedag\u00f3gusok elismer\u00e9s\u00e9re. Tov\u00e1bb\u00e1 a rendezv\u00e9nyen a \"Mesterkre\u00e1tor\" technikaverseny nyertesei is d\u00edjaz\u00e1sban r\u00e9szes\u00fcltek.<\/p><\/div>\r\n        <\/div>\r\n    <\/div>\r\n        <\/div>\r\n    <\/div>\r\n\r\n<ul class=\"pagination\">\r\n                    <li class=\"left\"><a href=\"https:\/\/veszpremikamara.positive.hu\/api\/feeds\/page?page=64\" rel=\"prev\"><span class=\"icon icon-arrow-flat-left\"><\/span><\/a><\/li>\r\n        \r\n                    \r\n                                                                        <li><a href=\"https:\/\/veszpremikamara.positive.hu\/api\/feeds\/page?page=1\">01<\/a><\/li>\r\n                                                                                <li><a href=\"https:\/\/veszpremikamara.positive.hu\/api\/feeds\/page?page=2\">02<\/a><\/li>\r\n                                                                                    <li class=\"disabled\"><span>...<\/span><\/li>\r\n            \r\n                                \r\n                                                                        <li><a href=\"https:\/\/veszpremikamara.positive.hu\/api\/feeds\/page?page=62\">62<\/a><\/li>\r\n                                                                                <li><a href=\"https:\/\/veszpremikamara.positive.hu\/api\/feeds\/page?page=63\">63<\/a><\/li>\r\n                                                                                <li><a href=\"https:\/\/veszpremikamara.positive.hu\/api\/feeds\/page?page=64\">64<\/a><\/li>\r\n                                                                                <li class=\"active\"><span>65<\/span><\/li>\r\n                                                                                <li><a href=\"https:\/\/veszpremikamara.positive.hu\/api\/feeds\/page?page=66\">66<\/a><\/li>\r\n                                                                                <li><a href=\"https:\/\/veszpremikamara.positive.hu\/api\/feeds\/page?page=67\">67<\/a><\/li>\r\n                                                                                <li><a href=\"https:\/\/veszpremikamara.positive.hu\/api\/feeds\/page?page=68\">68<\/a><\/li>\r\n                                                                                    <li class=\"disabled\"><span>...<\/span><\/li>\r\n            \r\n                                \r\n                                                                        <li><a href=\"https:\/\/veszpremikamara.positive.hu\/api\/feeds\/page?page=174\">174<\/a><\/li>\r\n                                                                                <li><a href=\"https:\/\/veszpremikamara.positive.hu\/api\/feeds\/page?page=175\">175<\/a><\/li>\r\n                                                        \r\n                    <li class=\"right\"><a href=\"https:\/\/veszpremikamara.positive.hu\/api\/feeds\/page?page=66\" rel=\"next\"><span class=\"icon icon-arrow-flat-right\"><\/span><\/a><\/li>\r\n            <\/ul>\r\n\r\n","page":"65"}