{"content":"<div class=\"row inline-row\">\r\n                <div class=\"col-md-6 inline-col feed-item\">\r\n            <div class=\"clearfix\">\r\n        <div class=\"col-xs-12 img  \">\r\n            <a  href=\"https:\/\/veszpremikamara.positive.hu\/hirek\/hatekony-ugyfelszerzes-kkv-workshop\">\r\n                <img class=\"img-responsive img-center\" src=\"\/images\/no-feed-item.jpg\" alt=\"Hat\u00e9kony \u00fcgyf\u00e9lszerz\u00e9s - kkv workshop\">\r\n            <\/a>\r\n        <\/div>\r\n        <div class=\"col-xs-7 info\">\r\n            <div class=\"title\"><a  href=\"https:\/\/veszpremikamara.positive.hu\/hirek\/hatekony-ugyfelszerzes-kkv-workshop\">Hat\u00e9kony \u00fcgyf\u00e9lszerz\u00e9s - kkv workshop<\/a><\/div>\r\n                            <ul class=\"categories\">\r\n                                            <li><a style=\"background: #921a1d; color: #ffffff\" href=\"https:\/\/veszpremikamara.positive.hu\/hirek\/kamara\">Kamara<\/a><\/li>\r\n                                            <li><a style=\"background: rgba(232,136,43,0.95); color: #ffffff\" href=\"https:\/\/veszpremikamara.positive.hu\/hirek\/gazdasagfejlesztes\">Gazdas\u00e1gfejleszt\u00e9s<\/a><\/li>\r\n                                        <li><span class=\"public-at\">2024. okt\u00f3ber 22.<\/span><\/li>\r\n                <\/ul>\r\n                        <div class=\"desc\"><p style=\"text-align:justify\">A Veszpr\u00e9m V\u00e1rmegyei Kereskedelmi \u00e9s Iparkamara&nbsp;a BENT Szakmai K\u00f6z\u00f6ss\u00e9g k\u00f6zrem\u0171k\u00f6d\u00e9s\u00e9vel marketing workshopokat szervezett v\u00e1llalkoz\u00e1sok sz\u00e1m\u00e1ra 2024 okt\u00f3ber\u00e9ben P\u00e1p\u00e1n \u00e9s Ajk\u00e1n. Az esem\u00e9nyek c\u00e9lja az volt, hogy a r\u00e9sztvev\u0151k elsaj\u00e1t\u00edts\u00e1k, mik\u00e9nt c\u00e9lozz\u00e1k meg hat\u00e9konyan \u00fcgyfeleiket, vev\u0151iket.<\/p><\/div>\r\n        <\/div>\r\n    <\/div>\r\n        <\/div>\r\n            <div class=\"col-md-6 inline-col feed-item\">\r\n            <div class=\"clearfix\">\r\n        <div class=\"col-xs-12 img  \">\r\n            <a  href=\"https:\/\/veszpremikamara.positive.hu\/hirek\/fokuszban-a-kiberbiztonsag\">\r\n                <img class=\"img-responsive img-center\" src=\"\/images\/no-feed-item.jpg\" alt=\"F\u00f3kuszban a kiberbiztons\u00e1g\">\r\n            <\/a>\r\n        <\/div>\r\n        <div class=\"col-xs-7 info\">\r\n            <div class=\"title\"><a  href=\"https:\/\/veszpremikamara.positive.hu\/hirek\/fokuszban-a-kiberbiztonsag\">F\u00f3kuszban a kiberbiztons\u00e1g<\/a><\/div>\r\n                            <ul class=\"categories\">\r\n                                            <li><a style=\"background: #921a1d; color: #ffffff\" href=\"https:\/\/veszpremikamara.positive.hu\/hirek\/kamara\">Kamara<\/a><\/li>\r\n                                            <li><a style=\"background: rgba(232,136,43,0.95); color: #ffffff\" href=\"https:\/\/veszpremikamara.positive.hu\/hirek\/gazdasagfejlesztes\">Gazdas\u00e1gfejleszt\u00e9s<\/a><\/li>\r\n                                            <li><a style=\"background: rgba(44,40,48,0.59); color: #ffffff\" href=\"https:\/\/veszpremikamara.positive.hu\/hirek\/innovacio\">Innov\u00e1ci\u00f3<\/a><\/li>\r\n                                        <li><span class=\"public-at\">2024. okt\u00f3ber 22.<\/span><\/li>\r\n                <\/ul>\r\n                        <div class=\"desc\"><p style=\"text-align:justify\">Okt\u00f3ber 22-\u00e9n a K\u00f6z\u00e9p-dun\u00e1nt\u00fali Region\u00e1lis Innov\u00e1ci\u00f3s \u00dcgyn\u00f6ks\u00e9g a Veszpr\u00e9m V\u00e1rmegyei Kereskedelmi \u00e9s Iparkamar\u00e1val egy\u00fcttm\u0171k\u00f6dve innov\u00e1ci\u00f3s workshopot szervezett a digit\u00e1lis vil\u00e1g legaktu\u00e1lisabb kih\u00edv\u00e1sair\u00f3l \u00e9s azok megold\u00e1sair\u00f3l. A rendezv\u00e9ny f\u00f3kusz\u00e1ban a NIS2 ir\u00e1nyelv, a kiberbiztons\u00e1g, az ipari digitaliz\u00e1ci\u00f3, a mesters\u00e9ges intelligencia \u00e9s a blokkl\u00e1nc technol\u00f3gi\u00e1k \u00e1lltak.<\/p><\/div>\r\n        <\/div>\r\n    <\/div>\r\n        <\/div>\r\n            <div class=\"col-md-6 inline-col feed-item\">\r\n            <div class=\"clearfix\">\r\n        <div class=\"col-xs-12 img  \">\r\n            <a  href=\"https:\/\/veszpremikamara.positive.hu\/hirek\/uj-gazdasagpolitikai-akcioterv\">\r\n                <img class=\"img-responsive img-center\" src=\"\/images\/no-feed-item.jpg\" alt=\"\u00daj Gazdas\u00e1gpolitikai Akci\u00f3terv\">\r\n            <\/a>\r\n        <\/div>\r\n        <div class=\"col-xs-7 info\">\r\n            <div class=\"title\"><a  href=\"https:\/\/veszpremikamara.positive.hu\/hirek\/uj-gazdasagpolitikai-akcioterv\">\u00daj Gazdas\u00e1gpolitikai Akci\u00f3terv<\/a><\/div>\r\n                            <ul class=\"categories\">\r\n                                            <li><a style=\"background: rgba(44,40,48,0.59); color: #ffffff\" href=\"https:\/\/veszpremikamara.positive.hu\/hirek\/gazdasag\">Gazdas\u00e1g<\/a><\/li>\r\n                                        <li><span class=\"public-at\">2024. okt\u00f3ber 21.<\/span><\/li>\r\n                <\/ul>\r\n                        <div class=\"desc\"><p style=\"text-align:justify\">A Nemzetgazdas\u00e1gi Miniszt\u00e9rium oldal\u00e1n megjelent az <strong>\u00daj Gazdas\u00e1gpolitikai Akci\u00f3terv<\/strong> kidolgoz\u00e1s\u00e1r\u00f3l sz\u00f3l\u00f3 \u00f6sszefoglal\u00f3.&nbsp;Az \u00faj akci\u00f3terv a k\u00f6vetkez\u0151 <strong>h\u00e1rom alappill\u00e9ren<\/strong> nyugszik:<\/p>\r\n\r\n<ol>\r\n\t<li style=\"text-align:justify\">A j\u00f6vedelmek v\u00e1s\u00e1rl\u00f3erej\u00e9nek n\u00f6vel\u00e9se<\/li>\r\n\t<li style=\"text-align:justify\">A megfizethet\u0151 lakhat\u00e1s biztos\u00edt\u00e1sa<\/li>\r\n\t<li style=\"text-align:justify\">A Demj\u00e1n S\u00e1ndor Program, melynek c\u00e9lja a v\u00e1llalkoz\u00e1sok m\u00e9ret\u00e9nek megdupl\u00e1z\u00f3d\u00e1sa<\/li>\r\n<\/ol><\/div>\r\n        <\/div>\r\n    <\/div>\r\n        <\/div>\r\n            <div class=\"col-md-6 inline-col feed-item\">\r\n            <div class=\"clearfix\">\r\n        <div class=\"col-xs-12 img  \">\r\n            <a  href=\"https:\/\/veszpremikamara.positive.hu\/hirek\/vkik-vallalkozoi-igenyfelmeres-osszefoglalo\">\r\n                <img class=\"img-responsive img-center\" src=\"\/images\/no-feed-item.jpg\" alt=\"VKIK v\u00e1llalkoz\u00f3i ig\u00e9nyfelm\u00e9r\u00e9s - \u00f6sszefoglal\u00f3\">\r\n            <\/a>\r\n        <\/div>\r\n        <div class=\"col-xs-7 info\">\r\n            <div class=\"title\"><a  href=\"https:\/\/veszpremikamara.positive.hu\/hirek\/vkik-vallalkozoi-igenyfelmeres-osszefoglalo\">VKIK v\u00e1llalkoz\u00f3i ig\u00e9nyfelm\u00e9r\u00e9s - \u00f6sszefoglal\u00f3<\/a><\/div>\r\n                            <ul class=\"categories\">\r\n                                            <li><a style=\"background: #921a1d; color: #ffffff\" href=\"https:\/\/veszpremikamara.positive.hu\/hirek\/kamara\">Kamara<\/a><\/li>\r\n                                            <li><a style=\"background: rgba(232,136,43,0.95); color: #ffffff\" href=\"https:\/\/veszpremikamara.positive.hu\/hirek\/gazdasagfejlesztes\">Gazdas\u00e1gfejleszt\u00e9s<\/a><\/li>\r\n                                            <li><a style=\"background: rgba(151,75,138,0.95); color: #ffffff\" href=\"https:\/\/veszpremikamara.positive.hu\/hirek\/szakkepzes\">Szakk\u00e9pz\u00e9s<\/a><\/li>\r\n                                        <li><span class=\"public-at\">2024. okt\u00f3ber 21.<\/span><\/li>\r\n                <\/ul>\r\n                        <div class=\"desc\"><p style=\"text-align:justify\">A Veszpr\u00e9m V\u00e1rmegyei Kereskedelmi \u00e9s Iparkamara 2024 szeptember\u00e9ben gazdas\u00e1gi ig\u00e9nyfelm\u00e9r\u00e9st ind\u00edtott, amelynek c\u00e9lja a helyi kkv-k \u00e9s nagyv\u00e1llalkoz\u00e1sok gazdas\u00e1gi, szakk\u00e9pz\u00e9si, munkaer\u0151piaci \u00e9s gazdas\u00e1gpolitikai ig\u00e9nyeinek \u00e9s javaslatainak gyors felm\u00e9r\u00e9se volt. <a href=\"https:\/\/veszpremikamara.hu\/hirek\/vkik-vallalkozoi-igenyfelmeres-osszefoglalo\">\u00d6sszefoglal\u00f3 &gt;&gt;<\/a><\/p><\/div>\r\n        <\/div>\r\n    <\/div>\r\n        <\/div>\r\n            <div class=\"col-md-6 inline-col feed-item\">\r\n            <div class=\"clearfix\">\r\n        <div class=\"col-xs-12 img  \">\r\n            <a  href=\"https:\/\/veszpremikamara.positive.hu\/hirek\/palyavalasztasi-es-szakmabemutato-nap-veszpremben-lehetoseg-a-jovo-megtervezesere\">\r\n                <img class=\"img-responsive img-center\" src=\"\/images\/no-feed-item.jpg\" alt=\"P\u00e1lyav\u00e1laszt\u00e1si \u00e9s szakmabemutat\u00f3 nap Veszpr\u00e9mben \u2013 lehet\u0151s\u00e9g a j\u00f6v\u0151 megtervez\u00e9s\u00e9re\">\r\n            <\/a>\r\n        <\/div>\r\n        <div class=\"col-xs-7 info\">\r\n            <div class=\"title\"><a  href=\"https:\/\/veszpremikamara.positive.hu\/hirek\/palyavalasztasi-es-szakmabemutato-nap-veszpremben-lehetoseg-a-jovo-megtervezesere\">P\u00e1lyav\u00e1laszt\u00e1si \u00e9s szakmabemutat\u00f3 nap Veszpr\u00e9mben \u2013 lehet\u0151s\u00e9g a j\u00f6v\u0151 megtervez\u00e9s\u00e9re<\/a><\/div>\r\n                            <ul class=\"categories\">\r\n                                            <li><a style=\"background: #921a1d; color: #ffffff\" href=\"https:\/\/veszpremikamara.positive.hu\/hirek\/kamara\">Kamara<\/a><\/li>\r\n                                        <li><span class=\"public-at\">2024. okt\u00f3ber 16.<\/span><\/li>\r\n                <\/ul>\r\n                        <div class=\"desc\"><p style=\"text-align:justify\">T\u00f6bb, mint 2000&nbsp;l\u00e1togat\u00f3 vett r\u00e9szt a Veszpr\u00e9m V\u00e1rmegyei Korm\u00e1nyhivatal \u00e9s a Veszpr\u00e9m V\u00e1rmegyei Kereskedelmi \u00e9s Iparkamara \u00e1ltal szervezett P\u00e1lyav\u00e1laszt\u00e1si \u00e9s szakmabemutat\u00f3 napon az ActiCity-ben.&nbsp;<\/p><\/div>\r\n        <\/div>\r\n    <\/div>\r\n        <\/div>\r\n            <div class=\"col-md-6 inline-col feed-item\">\r\n            <div class=\"clearfix\">\r\n        <div class=\"col-xs-12 img  \">\r\n            <a  href=\"https:\/\/veszpremikamara.positive.hu\/hirek\/kotelezo-visszavaltasi-dijas-drs-termekek-konyvelese\">\r\n                <img class=\"img-responsive img-center\" src=\"\/images\/no-feed-item.jpg\" alt=\"K\u00f6telez\u0151 visszav\u00e1lt\u00e1si d\u00edjas, DRS term\u00e9kek k\u00f6nyvel\u00e9se\">\r\n            <\/a>\r\n        <\/div>\r\n        <div class=\"col-xs-7 info\">\r\n            <div class=\"title\"><a  href=\"https:\/\/veszpremikamara.positive.hu\/hirek\/kotelezo-visszavaltasi-dijas-drs-termekek-konyvelese\">K\u00f6telez\u0151 visszav\u00e1lt\u00e1si d\u00edjas, DRS term\u00e9kek k\u00f6nyvel\u00e9se<\/a><\/div>\r\n                            <ul class=\"categories\">\r\n                                            <li><a style=\"background: rgba(44,40,48,0.59); color: #ffffff\" href=\"https:\/\/veszpremikamara.positive.hu\/hirek\/gazdasag\">Gazdas\u00e1g<\/a><\/li>\r\n                                        <li><span class=\"public-at\">2024. okt\u00f3ber 16.<\/span><\/li>\r\n                <\/ul>\r\n                        <div class=\"desc\"><p style=\"text-align:justify\">A k\u00f6telez\u0151 visszav\u00e1lt\u00e1si d\u00edjas <a href=\"https:\/\/www.rsm.hu\/blog\/hulladekgazdalkodas\/2023\/11\/kotelezo-visszavaltasi-drs-rendszer\" target=\"_blank\">(DRS) rendszer<\/a> hat\u00e1lyba l\u00e9p\u00e9s\u00e9vel egyid\u0151ben a&nbsp;<a href=\"https:\/\/net.jogtar.hu\/jogszabaly?docid=a0000100.tv\" target=\"_blank\">sz\u00e1mviteli t\u00f6rv\u00e9ny<\/a> egyes rendelkez\u00e9si is m\u00f3dosultak. Ez alapj\u00e1n elt\u00e9r\u0151 sz\u00e1mviteli elsz\u00e1mol\u00e1s vonatkozik:<\/p>\r\n\r\n<ul>\r\n\t<li style=\"text-align: justify;\">a k\u00f6telez\u0151en visszav\u00e1lt\u00e1si d\u00edjas, nem \u00fajrahaszn\u00e1lhat\u00f3 term\u00e9kek visszav\u00e1lt\u00e1si d\u00edj\u00e1ra<\/li>\r\n\t<li style=\"text-align: justify;\">a k\u00f6telez\u0151en visszav\u00e1lt\u00e1si d\u00edjas, \u00fajrahaszn\u00e1lhat\u00f3 term\u00e9kek d\u00edj\u00e1ra<\/li>\r\n\t<li style=\"text-align: justify;\">a gy\u00e1rt\u00f3k \u00e1ltal \u00f6nk\u00e9ntesen v\u00e1llalt visszav\u00e1lt\u00e1si d\u00edjas term\u00e9kek d\u00edj\u00e1ra.<\/li>\r\n<\/ul><\/div>\r\n        <\/div>\r\n    <\/div>\r\n        <\/div>\r\n            <div class=\"col-md-6 inline-col feed-item\">\r\n            <div class=\"clearfix\">\r\n        <div class=\"col-xs-12 img  \">\r\n            <a  href=\"https:\/\/veszpremikamara.positive.hu\/hirek\/megalakult-a-szakkepzesi-es-foglalkoztatasi-bizottsag-veszprem-varmegyeben\">\r\n                <img class=\"img-responsive img-center\" src=\"\/images\/no-feed-item.jpg\" alt=\"Megalakult a Szakk\u00e9pz\u00e9si \u00e9s Foglalkoztat\u00e1si Bizotts\u00e1g Veszpr\u00e9m v\u00e1rmegy\u00e9ben\">\r\n            <\/a>\r\n        <\/div>\r\n        <div class=\"col-xs-7 info\">\r\n            <div class=\"title\"><a  href=\"https:\/\/veszpremikamara.positive.hu\/hirek\/megalakult-a-szakkepzesi-es-foglalkoztatasi-bizottsag-veszprem-varmegyeben\">Megalakult a Szakk\u00e9pz\u00e9si \u00e9s Foglalkoztat\u00e1si Bizotts\u00e1g Veszpr\u00e9m v\u00e1rmegy\u00e9ben<\/a><\/div>\r\n                            <ul class=\"categories\">\r\n                                            <li><a style=\"background: #921a1d; color: #ffffff\" href=\"https:\/\/veszpremikamara.positive.hu\/hirek\/kamara\">Kamara<\/a><\/li>\r\n                                            <li><a style=\"background: rgba(151,75,138,0.95); color: #ffffff\" href=\"https:\/\/veszpremikamara.positive.hu\/hirek\/szakkepzes\">Szakk\u00e9pz\u00e9s<\/a><\/li>\r\n                                        <li><span class=\"public-at\">2024. okt\u00f3ber 16.<\/span><\/li>\r\n                <\/ul>\r\n                        <div class=\"desc\"><p style=\"text-align:justify\">2024. okt\u00f3ber 15-\u00e9n a Veszpr\u00e9m V\u00e1rmegyei Kereskedelmi \u00e9s Iparkamara (VKIK) \u00e9s a Veszpr\u00e9m V\u00e1rmegyei Korm\u00e1nyhivatal k\u00f6z\u00f6sen megalap\u00edtotta a Szakk\u00e9pz\u00e9si \u00e9s Foglalkoztat\u00e1si Bizotts\u00e1got. Az alakul\u00f3 \u00fcl\u00e9snek a veszpr\u00e9mi ActiCity T\u00e1nc- \u00e9s Mozg\u00e1sm\u0171v\u00e9szeti K\u00f6zpont adott otthont, ahol k\u00f6zel harminc szervezet k\u00e9pvisel\u0151je gy\u0171lt \u00f6ssze.<\/p><\/div>\r\n        <\/div>\r\n    <\/div>\r\n        <\/div>\r\n            <div class=\"col-md-6 inline-col feed-item\">\r\n            <div class=\"clearfix\">\r\n        <div class=\"col-xs-12 img  \">\r\n            <a  href=\"https:\/\/veszpremikamara.positive.hu\/hirek\/megalakult-a-noi-vallalkozoi-klub\">\r\n                <img class=\"img-responsive img-center\" src=\"https:\/\/veszpremikamara.hu\/uploads\/feed_items\/small-dsc-2558-ok-1729000151135.jpg\" alt=\"Megalakult a N\u0151i V\u00e1llalkoz\u00f3i Klub\">\r\n            <\/a>\r\n        <\/div>\r\n        <div class=\"col-xs-7 info\">\r\n            <div class=\"title\"><a  href=\"https:\/\/veszpremikamara.positive.hu\/hirek\/megalakult-a-noi-vallalkozoi-klub\">Megalakult a N\u0151i V\u00e1llalkoz\u00f3i Klub<\/a><\/div>\r\n                            <ul class=\"categories\">\r\n                                            <li><a style=\"background: #921a1d; color: #ffffff\" href=\"https:\/\/veszpremikamara.positive.hu\/hirek\/kamara\">Kamara<\/a><\/li>\r\n                                        <li><span class=\"public-at\">2024. okt\u00f3ber 15.<\/span><\/li>\r\n                <\/ul>\r\n                        <div class=\"desc\"><p style=\"text-align:justify\">A Veszpr\u00e9m V\u00e1rmegyei Kereskedelmi \u00e9s Iparkamara, valamint a Pannon Egyetem egy\u00fcttm\u0171k\u00f6d\u00e9s\u00e9nek r\u00e9szek\u00e9nt l\u00e9trej\u00f6tt N\u0151i V\u00e1llalkoz\u00f3i Klub 2024. okt\u00f3ber 14-\u00e9n a balatonf\u00fcredi Hotel Golden Lake Resortban tarotta&nbsp; alakul\u00f3 \u00fcl\u00e9s\u00e9t.<\/p><\/div>\r\n        <\/div>\r\n    <\/div>\r\n        <\/div>\r\n    <\/div>\r\n\r\n<ul class=\"pagination\">\r\n                    <li class=\"left\"><a href=\"https:\/\/veszpremikamara.positive.hu\/api\/feeds\/page?page=56\" rel=\"prev\"><span class=\"icon icon-arrow-flat-left\"><\/span><\/a><\/li>\r\n        \r\n                    \r\n                                                                        <li><a href=\"https:\/\/veszpremikamara.positive.hu\/api\/feeds\/page?page=1\">01<\/a><\/li>\r\n                                                                                <li><a href=\"https:\/\/veszpremikamara.positive.hu\/api\/feeds\/page?page=2\">02<\/a><\/li>\r\n                                                                                    <li class=\"disabled\"><span>...<\/span><\/li>\r\n            \r\n                                \r\n                                                                        <li><a href=\"https:\/\/veszpremikamara.positive.hu\/api\/feeds\/page?page=54\">54<\/a><\/li>\r\n                                                                                <li><a href=\"https:\/\/veszpremikamara.positive.hu\/api\/feeds\/page?page=55\">55<\/a><\/li>\r\n                                                                                <li><a href=\"https:\/\/veszpremikamara.positive.hu\/api\/feeds\/page?page=56\">56<\/a><\/li>\r\n                                                                                <li class=\"active\"><span>57<\/span><\/li>\r\n                                                                                <li><a href=\"https:\/\/veszpremikamara.positive.hu\/api\/feeds\/page?page=58\">58<\/a><\/li>\r\n                                                                                <li><a href=\"https:\/\/veszpremikamara.positive.hu\/api\/feeds\/page?page=59\">59<\/a><\/li>\r\n                                                                                <li><a href=\"https:\/\/veszpremikamara.positive.hu\/api\/feeds\/page?page=60\">60<\/a><\/li>\r\n                                                                                    <li class=\"disabled\"><span>...<\/span><\/li>\r\n            \r\n                                \r\n                                                                        <li><a href=\"https:\/\/veszpremikamara.positive.hu\/api\/feeds\/page?page=174\">174<\/a><\/li>\r\n                                                                                <li><a href=\"https:\/\/veszpremikamara.positive.hu\/api\/feeds\/page?page=175\">175<\/a><\/li>\r\n                                                        \r\n                    <li class=\"right\"><a href=\"https:\/\/veszpremikamara.positive.hu\/api\/feeds\/page?page=58\" rel=\"next\"><span class=\"icon icon-arrow-flat-right\"><\/span><\/a><\/li>\r\n            <\/ul>\r\n\r\n","page":"57"}