{"content":"<div class=\"row inline-row\">\r\n                <div class=\"col-md-6 inline-col feed-item\">\r\n            <div class=\"clearfix\">\r\n        <div class=\"col-xs-12 img  \">\r\n            <a  href=\"https:\/\/veszpremikamara.positive.hu\/hirek\/mkik-orszagos-tisztujito-kuldottgyules\">\r\n                <img class=\"img-responsive img-center\" src=\"\/images\/no-feed-item.jpg\" alt=\"MKIK orsz\u00e1gos tiszt\u00faj\u00edt\u00f3 k\u00fcld\u00f6ttgy\u0171l\u00e9s\">\r\n            <\/a>\r\n        <\/div>\r\n        <div class=\"col-xs-7 info\">\r\n            <div class=\"title\"><a  href=\"https:\/\/veszpremikamara.positive.hu\/hirek\/mkik-orszagos-tisztujito-kuldottgyules\">MKIK orsz\u00e1gos tiszt\u00faj\u00edt\u00f3 k\u00fcld\u00f6ttgy\u0171l\u00e9s<\/a><\/div>\r\n                            <ul class=\"categories\">\r\n                                            <li><a style=\"background: #921a1d; color: #ffffff\" href=\"https:\/\/veszpremikamara.positive.hu\/hirek\/kamara\">Kamara<\/a><\/li>\r\n                                        <li><span class=\"public-at\">2024. november 04.<\/span><\/li>\r\n                <\/ul>\r\n                        <div class=\"desc\"><p style=\"text-align:justify\">A Magyar Kereskedelmi \u00e9s Iparkamara (MKIK) orsz\u00e1gos k\u00fcld\u00f6ttgy\u0171l\u00e9se 2024. okt\u00f3ber 30-\u00e1n tiszt\u00faj\u00edt\u00f3 \u00fcl\u00e9st tartott. A k\u00fcld\u00f6ttgy\u0171l\u00e9s <strong>Dr. Simon Attil\u00e1t<\/strong>, a Veszpr\u00e9m V\u00e1rmegyei Kereskedelmi \u00e9s Iparkamara (VKIK) eln\u00f6k\u00e9t az MKIK&nbsp;aleln\u00f6k\u00e9v\u00e9 v\u00e1lasztotta.<\/p><\/div>\r\n        <\/div>\r\n    <\/div>\r\n        <\/div>\r\n            <div class=\"col-md-6 inline-col feed-item\">\r\n            <div class=\"clearfix\">\r\n        <div class=\"col-xs-12 img  \">\r\n            <a  href=\"https:\/\/veszpremikamara.positive.hu\/hirek\/a-bizottsag-elfogadta-a-2024-evi-bovitesi-csomagot\">\r\n                <img class=\"img-responsive img-center\" src=\"\/images\/no-feed-item.jpg\" alt=\"A Bizotts\u00e1g elfogadta a 2024. \u00e9vi b\u0151v\u00edt\u00e9si csomagot\">\r\n            <\/a>\r\n        <\/div>\r\n        <div class=\"col-xs-7 info\">\r\n            <div class=\"title\"><a  href=\"https:\/\/veszpremikamara.positive.hu\/hirek\/a-bizottsag-elfogadta-a-2024-evi-bovitesi-csomagot\">A Bizotts\u00e1g elfogadta a 2024. \u00e9vi b\u0151v\u00edt\u00e9si csomagot<\/a><\/div>\r\n                            <ul class=\"categories\">\r\n                                            <li><a style=\"background: rgba(51,122,183,0.95); color: #ffffff\" href=\"https:\/\/veszpremikamara.positive.hu\/hirek\/europe-direct\">Europe Direct<\/a><\/li>\r\n                                        <li><span class=\"public-at\">2024. okt\u00f3ber 30.<\/span><\/li>\r\n                <\/ul>\r\n                        <div class=\"desc\"><p style=\"text-align:justify\">Az Eur\u00f3pai Bizotts\u00e1g elfogadta az \u00e9ves b\u0151v\u00edt\u00e9si csomagot, amelyben r\u00e9szletesen megvizsg\u00e1lta Alb\u00e1nia, Bosznia-Hercegovina, Koszov\u00f3, Montenegr\u00f3, \u00c9szak-Maced\u00f3nia, Szerbia, Gr\u00fazia, a Moldovai K\u00f6zt\u00e1rsas\u00e1g, Ukrajna \u00e9s T\u00f6r\u00f6korsz\u00e1g helyzet\u00e9t.<\/p><\/div>\r\n        <\/div>\r\n    <\/div>\r\n        <\/div>\r\n            <div class=\"col-md-6 inline-col feed-item\">\r\n            <div class=\"clearfix\">\r\n        <div class=\"col-xs-12 img  \">\r\n            <a  href=\"https:\/\/veszpremikamara.positive.hu\/hirek\/gorogorszagban-jartak-a-varmegye-vallalkozasai-az-erasmus-kereteben\">\r\n                <img class=\"img-responsive img-center\" src=\"\/images\/no-feed-item.jpg\" alt=\"G\u00f6r\u00f6gorsz\u00e1gban j\u00e1rtak a v\u00e1rmegye v\u00e1llalkoz\u00e1sai az Erasmus+ keret\u00e9ben\">\r\n            <\/a>\r\n        <\/div>\r\n        <div class=\"col-xs-7 info\">\r\n            <div class=\"title\"><a  href=\"https:\/\/veszpremikamara.positive.hu\/hirek\/gorogorszagban-jartak-a-varmegye-vallalkozasai-az-erasmus-kereteben\">G\u00f6r\u00f6gorsz\u00e1gban j\u00e1rtak a v\u00e1rmegye v\u00e1llalkoz\u00e1sai az Erasmus+ keret\u00e9ben<\/a><\/div>\r\n                            <ul class=\"categories\">\r\n                                            <li><a style=\"background: #921a1d; color: #ffffff\" href=\"https:\/\/veszpremikamara.positive.hu\/hirek\/kamara\">Kamara<\/a><\/li>\r\n                                        <li><span class=\"public-at\">2024. okt\u00f3ber 30.<\/span><\/li>\r\n                <\/ul>\r\n                        <div class=\"desc\"><p style=\"text-align:justify\">A Veszpr\u00e9m V\u00e1rmegyei Kereskedelmi \u00e9s Iparkamara sikeresen p\u00e1ly\u00e1zott az Erasmus+ KA1 program keret\u00e9ben, \u00edgy lehet\u0151s\u00e9g&nbsp;ny\u00edlt a du\u00e1lis k\u00e9pz\u00e9sben&nbsp;k\u00f6zrem\u0171k\u00f6d\u0151 gyakorlati oktat\u00f3k, szak\u00e9rt\u0151k, v\u00e1llalkoz\u00e1sok k\u00fclf\u00f6ldi tapasztalatszerz\u00e9s\u00e9t - a&nbsp;k\u00fclf\u00f6ldi j\u00f3 gyakorlatok&nbsp;megismer\u00e9se \u00e1ltal - t\u00e1mogatni,&nbsp;\u00e9s \u00edgy&nbsp;versenyk\u00e9pess\u00e9g\u00fcket er\u0151s\u00edteni.<\/p><\/div>\r\n        <\/div>\r\n    <\/div>\r\n        <\/div>\r\n            <div class=\"col-md-6 inline-col feed-item\">\r\n            <div class=\"clearfix\">\r\n        <div class=\"col-xs-12 img  \">\r\n            <a  href=\"https:\/\/veszpremikamara.positive.hu\/hirek\/nagyvallalati-forum-a-kamaraban\">\r\n                <img class=\"img-responsive img-center\" src=\"\/images\/no-feed-item.jpg\" alt=\"Nagyv\u00e1llalati f\u00f3rum a kamar\u00e1ban\">\r\n            <\/a>\r\n        <\/div>\r\n        <div class=\"col-xs-7 info\">\r\n            <div class=\"title\"><a  href=\"https:\/\/veszpremikamara.positive.hu\/hirek\/nagyvallalati-forum-a-kamaraban\">Nagyv\u00e1llalati f\u00f3rum a kamar\u00e1ban<\/a><\/div>\r\n                            <ul class=\"categories\">\r\n                                            <li><a style=\"background: #921a1d; color: #ffffff\" href=\"https:\/\/veszpremikamara.positive.hu\/hirek\/kamara\">Kamara<\/a><\/li>\r\n                                            <li><a style=\"background: rgba(232,136,43,0.95); color: #ffffff\" href=\"https:\/\/veszpremikamara.positive.hu\/hirek\/gazdasagfejlesztes\">Gazdas\u00e1gfejleszt\u00e9s<\/a><\/li>\r\n                                        <li><span class=\"public-at\">2024. okt\u00f3ber 24.<\/span><\/li>\r\n                <\/ul>\r\n                        <div class=\"desc\"><p style=\"text-align:justify\">A Veszpr\u00e9m V\u00e1rmegyei Kereskedelmi \u00e9s Iparkamara dr. Navracsics Tibor k\u00f6zigazgat\u00e1si \u00e9s ter\u00fcletfejleszt\u00e9si miniszter k\u00f6zrem\u0171k\u00f6d\u00e9s\u00e9vel nagyv\u00e1llalati f\u00f3rumot szervezett Veszpr\u00e9mben, ahol a v\u00e1llalati k\u00e9pvisel\u0151k&nbsp;\u00e9s a d\u00f6nt\u00e9shoz\u00f3k k\u00f6z\u00f6tti kapcsolat er\u0151s\u00edt\u00e9se mellett a gazdas\u00e1gi ig\u00e9nyek k\u00f6zvet\u00edt\u00e9se \u00e1llt a k\u00f6z\u00e9ppontban.<\/p><\/div>\r\n        <\/div>\r\n    <\/div>\r\n        <\/div>\r\n            <div class=\"col-md-6 inline-col feed-item\">\r\n            <div class=\"clearfix\">\r\n        <div class=\"col-xs-12 img  \">\r\n            <a  href=\"https:\/\/veszpremikamara.positive.hu\/hirek\/szechenyi-kartya-program-35-os-kamat-beruhazasok-eseten\">\r\n                <img class=\"img-responsive img-center\" src=\"https:\/\/veszpremikamara.hu\/uploads\/feed_items\/small-szkp-17298421716383.jpg\" alt=\"Sz\u00e9chenyi K\u00e1rtya Program: 3,5%-os kamat beruh\u00e1z\u00e1sok eset\u00e9n\">\r\n            <\/a>\r\n        <\/div>\r\n        <div class=\"col-xs-7 info\">\r\n            <div class=\"title\"><a  href=\"https:\/\/veszpremikamara.positive.hu\/hirek\/szechenyi-kartya-program-35-os-kamat-beruhazasok-eseten\">Sz\u00e9chenyi K\u00e1rtya Program: 3,5%-os kamat beruh\u00e1z\u00e1sok eset\u00e9n<\/a><\/div>\r\n                            <ul class=\"categories\">\r\n                                            <li><a style=\"background: #921a1d; color: #ffffff\" href=\"https:\/\/veszpremikamara.positive.hu\/hirek\/kamara\">Kamara<\/a><\/li>\r\n                                            <li><a style=\"background: rgba(232,136,43,0.95); color: #ffffff\" href=\"https:\/\/veszpremikamara.positive.hu\/hirek\/gazdasagfejlesztes\">Gazdas\u00e1gfejleszt\u00e9s<\/a><\/li>\r\n                                        <li><span class=\"public-at\">2024. okt\u00f3ber 24.<\/span><\/li>\r\n                <\/ul>\r\n                        <div class=\"desc\"><p style=\"text-align:justify\">A Korm\u00e1ny \u00daj Gazdas\u00e1gpolitikai Akci\u00f3terv\u00e9nek III. pill\u00e9re a <strong>Demj\u00e1n S\u00e1ndor Program,&nbsp;<\/strong>amelynek egyik kiemelt eleme a kkv-k forr\u00e1shoz jut\u00e1s\u00e1nak t\u00e1mogat\u00e1sa. Ennek keret\u00e9ben a <strong>Sz\u00e9chenyi K\u00e1rtya Program<\/strong> beruh\u00e1z\u00e1si t\u00edpus\u00fa hitelterm\u00e9kei eset\u00e9ben a fizetend\u0151 <strong>\u00e9ves kamat<\/strong> a kor\u00e1bbi 5%-r\u00f3l <strong>\u00e9vi 3,5%-ra m\u00e9rs\u00e9kl\u0151dik&nbsp;okt\u00f3ber 31-t\u0151l<\/strong>.<\/p><\/div>\r\n        <\/div>\r\n    <\/div>\r\n        <\/div>\r\n            <div class=\"col-md-6 inline-col feed-item\">\r\n            <div class=\"clearfix\">\r\n        <div class=\"col-xs-12 img  \">\r\n            <a  href=\"https:\/\/veszpremikamara.positive.hu\/hirek\/gvh-piacelemzes-az-ai-alkalmazasarol\">\r\n                <img class=\"img-responsive img-center\" src=\"\/images\/no-feed-item.jpg\" alt=\"GVH piacelemz\u00e9s az AI alkalmaz\u00e1s\u00e1r\u00f3l\">\r\n            <\/a>\r\n        <\/div>\r\n        <div class=\"col-xs-7 info\">\r\n            <div class=\"title\"><a  href=\"https:\/\/veszpremikamara.positive.hu\/hirek\/gvh-piacelemzes-az-ai-alkalmazasarol\">GVH piacelemz\u00e9s az AI alkalmaz\u00e1s\u00e1r\u00f3l<\/a><\/div>\r\n                            <ul class=\"categories\">\r\n                                            <li><a style=\"background: rgba(44,40,48,0.59); color: #ffffff\" href=\"https:\/\/veszpremikamara.positive.hu\/hirek\/gazdasag\">Gazdas\u00e1g<\/a><\/li>\r\n                                            <li><a style=\"background: rgba(44,40,48,0.59); color: #ffffff\" href=\"https:\/\/veszpremikamara.positive.hu\/hirek\/innovacio\">Innov\u00e1ci\u00f3<\/a><\/li>\r\n                                        <li><span class=\"public-at\">2024. okt\u00f3ber 24.<\/span><\/li>\r\n                <\/ul>\r\n                        <div class=\"desc\"><p style=\"text-align:justify\">Megjelent&nbsp;a Gazdas\u00e1gi Versenyhivatal (GVH) <a href=\"https:\/\/www.gvh.hu\/sajtoszoba\/sajtokozlemenyek\/2024-es-sajtokozlemenyek\/gvh-a-mesterseges-intelligencia-alkalmazasa-novelheti-a-magyar-vallalkozasok-versenykepesseget\" target=\"_blank\">sajt\u00f3k\u00f6zlem\u00e9nye,<\/a>&nbsp;amelyben a mesters\u00e9ges intelligencia (MI) technol\u00f3gi\u00e1k alkalmaz\u00e1sa ker\u00fcl kiemel\u00e9sre a janu\u00e1r elej\u00e9n ind\u00edtott piacelemz\u00e9s alapj\u00e1n.<\/p><\/div>\r\n        <\/div>\r\n    <\/div>\r\n        <\/div>\r\n            <div class=\"col-md-6 inline-col feed-item\">\r\n            <div class=\"clearfix\">\r\n        <div class=\"col-xs-12 img  \">\r\n            <a  href=\"https:\/\/veszpremikamara.positive.hu\/hirek\/repulogep-esz-verseny-a-szakiparkban\">\r\n                <img class=\"img-responsive img-center\" src=\"https:\/\/veszpremikamara.hu\/uploads\/feed_items\/small-repuelogepesz13-17296072136575.jpg\" alt=\"Rep\u00fcl\u0151G\u00c9P-\u00c9SZ verseny a Szakiparkban\">\r\n            <\/a>\r\n        <\/div>\r\n        <div class=\"col-xs-7 info\">\r\n            <div class=\"title\"><a  href=\"https:\/\/veszpremikamara.positive.hu\/hirek\/repulogep-esz-verseny-a-szakiparkban\">Rep\u00fcl\u0151G\u00c9P-\u00c9SZ verseny a Szakiparkban<\/a><\/div>\r\n                            <ul class=\"categories\">\r\n                                            <li><a style=\"background: #921a1d; color: #ffffff\" href=\"https:\/\/veszpremikamara.positive.hu\/hirek\/kamara\">Kamara<\/a><\/li>\r\n                                            <li><a style=\"background: rgba(151,75,138,0.95); color: #ffffff\" href=\"https:\/\/veszpremikamara.positive.hu\/hirek\/szakkepzes\">Szakk\u00e9pz\u00e9s<\/a><\/li>\r\n                                        <li><span class=\"public-at\">2024. okt\u00f3ber 22.<\/span><\/li>\r\n                <\/ul>\r\n                        <div class=\"desc\"><p style=\"text-align:justify\">A Veszpr\u00e9m&nbsp;V\u00e1rmegyei Kereskedelmi \u00e9s Iparkamara \u00e9s a Veszpr\u00e9mi Szakipark \u00c1gazati K\u00e9pz\u0151k\u00f6zpont, a Veszpr\u00e9mi Szakk\u00e9pz\u00e9si Centrum k\u00f6zrem\u0171k\u00f6d\u00e9s\u00e9vel&nbsp;versenyt hirdetett&nbsp;szakk\u00e9pz\u0151 iskolai \u00e9s technikumi tanul\u00f3k sz\u00e1m\u00e1ra.&nbsp;<\/p><\/div>\r\n        <\/div>\r\n    <\/div>\r\n        <\/div>\r\n            <div class=\"col-md-6 inline-col feed-item\">\r\n            <div class=\"clearfix\">\r\n        <div class=\"col-xs-12 img  \">\r\n            <a  href=\"https:\/\/veszpremikamara.positive.hu\/hirek\/harmadik-negyedeves-cbam-jelentes-es-tudnivalok\">\r\n                <img class=\"img-responsive img-center\" src=\"\/images\/no-feed-item.jpg\" alt=\"Harmadik negyed\u00e9ves CBAM jelent\u00e9s \u00e9s tudnival\u00f3k\">\r\n            <\/a>\r\n        <\/div>\r\n        <div class=\"col-xs-7 info\">\r\n            <div class=\"title\"><a  href=\"https:\/\/veszpremikamara.positive.hu\/hirek\/harmadik-negyedeves-cbam-jelentes-es-tudnivalok\">Harmadik negyed\u00e9ves CBAM jelent\u00e9s \u00e9s tudnival\u00f3k<\/a><\/div>\r\n                            <ul class=\"categories\">\r\n                                            <li><a style=\"background: rgba(44,40,48,0.59); color: #ffffff\" href=\"https:\/\/veszpremikamara.positive.hu\/hirek\/gazdasag\">Gazdas\u00e1g<\/a><\/li>\r\n                                        <li><span class=\"public-at\">2024. okt\u00f3ber 22.<\/span><\/li>\r\n                <\/ul>\r\n                        <div class=\"desc\"><p style=\"text-align:justify\">Az import\u00e1ruk karbonintenzit\u00e1s\u00e1t ellens\u00falyoz\u00f3 mechanizmus, amely <a href=\"https:\/\/net.jogtar.hu\/jogszabaly?docid=a2300602.kor\">karbonv\u00e1m vagy CBAM<\/a> n\u00e9ven ismert, 2023. okt\u00f3ber elsej\u00e9n l\u00e9pett hat\u00e1lyba, \u00e9s az eg\u00e9sz EU-ra kiterjed\u0151 bizonyos harmadik orsz\u00e1gban gy\u00e1rtott \u00e1ruk behozatal\u00e1ra vonatkoz\u00f3, az \u00e1ruk gy\u00e1rt\u00e1s\u00e1hoz kapcsol\u00f3d\u00f3 sz\u00e9n-dioxid-kibocs\u00e1t\u00e1s alapj\u00e1n hat\u00e1roz meg fizet\u00e9si k\u00f6telezetts\u00e9get.<\/p><\/div>\r\n        <\/div>\r\n    <\/div>\r\n        <\/div>\r\n    <\/div>\r\n\r\n<ul class=\"pagination\">\r\n                    <li class=\"left\"><a href=\"https:\/\/veszpremikamara.positive.hu\/api\/feeds\/page?page=55\" rel=\"prev\"><span class=\"icon icon-arrow-flat-left\"><\/span><\/a><\/li>\r\n        \r\n                    \r\n                                                                        <li><a href=\"https:\/\/veszpremikamara.positive.hu\/api\/feeds\/page?page=1\">01<\/a><\/li>\r\n                                                                                <li><a href=\"https:\/\/veszpremikamara.positive.hu\/api\/feeds\/page?page=2\">02<\/a><\/li>\r\n                                                                                    <li class=\"disabled\"><span>...<\/span><\/li>\r\n            \r\n                                \r\n                                                                        <li><a href=\"https:\/\/veszpremikamara.positive.hu\/api\/feeds\/page?page=53\">53<\/a><\/li>\r\n                                                                                <li><a href=\"https:\/\/veszpremikamara.positive.hu\/api\/feeds\/page?page=54\">54<\/a><\/li>\r\n                                                                                <li><a href=\"https:\/\/veszpremikamara.positive.hu\/api\/feeds\/page?page=55\">55<\/a><\/li>\r\n                                                                                <li class=\"active\"><span>56<\/span><\/li>\r\n                                                                                <li><a href=\"https:\/\/veszpremikamara.positive.hu\/api\/feeds\/page?page=57\">57<\/a><\/li>\r\n                                                                                <li><a href=\"https:\/\/veszpremikamara.positive.hu\/api\/feeds\/page?page=58\">58<\/a><\/li>\r\n                                                                                <li><a href=\"https:\/\/veszpremikamara.positive.hu\/api\/feeds\/page?page=59\">59<\/a><\/li>\r\n                                                                                    <li class=\"disabled\"><span>...<\/span><\/li>\r\n            \r\n                                \r\n                                                                        <li><a href=\"https:\/\/veszpremikamara.positive.hu\/api\/feeds\/page?page=174\">174<\/a><\/li>\r\n                                                                                <li><a href=\"https:\/\/veszpremikamara.positive.hu\/api\/feeds\/page?page=175\">175<\/a><\/li>\r\n                                                        \r\n                    <li class=\"right\"><a href=\"https:\/\/veszpremikamara.positive.hu\/api\/feeds\/page?page=57\" rel=\"next\"><span class=\"icon icon-arrow-flat-right\"><\/span><\/a><\/li>\r\n            <\/ul>\r\n\r\n","page":"56"}